{"id":10742,"date":"2026-08-25T12:51:47","date_gmt":"2026-08-25T15:51:47","guid":{"rendered":"https:\/\/estatertecnologia.com.br\/estater2\/?p=10742"},"modified":"2026-08-25T12:53:54","modified_gmt":"2026-08-25T15:53:54","slug":"relogio-de-ponto-com-reconhecimento-facial","status":"publish","type":"post","link":"https:\/\/estatertecnologia.com.br\/estater2\/relogio-de-ponto-com-reconhecimento-facial\/","title":{"rendered":"Rel\u00f3gio de ponto com reconhecimento facial: como funciona e quais as vantagens para empresas"},"content":{"rendered":"\t\t<div data-elementor-type=\"wp-post\" data-elementor-id=\"10742\" class=\"elementor elementor-10742\" data-elementor-post-type=\"post\">\n\t\t\t\t\t\t<section class=\"elementor-section elementor-top-section elementor-element elementor-element-281653ba elementor-section-boxed elementor-section-height-default elementor-section-height-default\" data-id=\"281653ba\" data-element_type=\"section\" data-e-type=\"section\">\n\t\t\t\t\t\t<div class=\"elementor-container elementor-column-gap-default\">\n\t\t\t\t\t<div class=\"elementor-column elementor-col-100 elementor-top-column elementor-element elementor-element-298b158f\" data-id=\"298b158f\" data-element_type=\"column\" data-e-type=\"column\">\n\t\t\t<div class=\"elementor-widget-wrap elementor-element-populated\">\n\t\t\t\t\t\t<div class=\"elementor-element elementor-element-bb1e58b elementor-widget elementor-widget-global elementor-global-8734 elementor-widget-image\" data-id=\"bb1e58b\" data-element_type=\"widget\" data-e-type=\"widget\" data-widget_type=\"image.default\">\n\t\t\t\t<div class=\"elementor-widget-container\">\n\t\t\t\t\t\t\t\t\t\t\t\t\t\t\t\t<a href=\"https:\/\/estatertecnologia.com.br\/estater2\/relogio-de-ponto-idclass\/\">\n\t\t\t\t\t\t\t<img fetchpriority=\"high\" decoding=\"async\" width=\"850\" height=\"127\" src=\"https:\/\/estatertecnologia.com.br\/estater2\/wp-content\/uploads\/2023\/09\/BANNER-SITE.jpeg\" class=\"attachment-full size-full wp-image-7539\" alt=\"controle de ponto\" srcset=\"https:\/\/estatertecnologia.com.br\/estater2\/wp-content\/uploads\/2023\/09\/BANNER-SITE.jpeg 850w, https:\/\/estatertecnologia.com.br\/estater2\/wp-content\/uploads\/2023\/09\/BANNER-SITE-300x45.jpeg 300w, https:\/\/estatertecnologia.com.br\/estater2\/wp-content\/uploads\/2023\/09\/BANNER-SITE-768x115.jpeg 768w\" sizes=\"(max-width: 850px) 100vw, 850px\" \/>\t\t\t\t\t\t\t\t<\/a>\n\t\t\t\t\t\t\t\t\t\t\t\t\t\t\t<\/div>\n\t\t\t\t<\/div>\n\t\t\t\t<div class=\"elementor-element elementor-element-7cf092d7 elementor-widget elementor-widget-text-editor\" data-id=\"7cf092d7\" data-element_type=\"widget\" data-e-type=\"widget\" data-widget_type=\"text-editor.default\">\n\t\t\t\t<div class=\"elementor-widget-container\">\n\t\t\t\t\t\t\t\t\t\n<p class=\"wp-block-paragraph\">A evolu\u00e7\u00e3o dos sistemas de gest\u00e3o de jornada trouxe novas possibilidades para empresas que desejam registrar os hor\u00e1rios dos colaboradores com mais agilidade e organiza\u00e7\u00e3o. Entre as tecnologias que ganharam espa\u00e7o est\u00e1 o <strong>rel\u00f3gio de ponto com reconhecimento facial<\/strong>, que permite identificar o trabalhador por caracter\u00edsticas biom\u00e9tricas do rosto e realizar a marca\u00e7\u00e3o sem depender de cart\u00f5es ou da digita\u00e7\u00e3o de senhas.<\/p>\n\n\n\n<p class=\"wp-block-paragraph\">Para empres\u00e1rios e profissionais de recursos humanos, entretanto, escolher um equipamento n\u00e3o deve ser uma decis\u00e3o baseada apenas na praticidade. O registro eletr\u00f4nico de jornada est\u00e1 relacionado \u00e0s obriga\u00e7\u00f5es trabalhistas da organiza\u00e7\u00e3o e precisa considerar as regras aplic\u00e1veis, especialmente a CLT e a regulamenta\u00e7\u00e3o do Minist\u00e9rio do Trabalho e Emprego.<\/p>\n\n\n\n<p class=\"wp-block-paragraph\">H\u00e1 ainda outro ponto relevante: a biometria facial envolve dados pessoais sens\u00edveis nos termos da Lei Geral de Prote\u00e7\u00e3o de Dados. Dessa forma, a implanta\u00e7\u00e3o precisa combinar tecnologia, conformidade e procedimentos internos adequados.<\/p>\n\n\n\n<h2 class=\"wp-block-heading\">O que \u00e9 um rel\u00f3gio de ponto com reconhecimento facial?<\/h2>\n\n\n\n<p class=\"wp-block-paragraph\">O rel\u00f3gio de ponto com reconhecimento facial utiliza tecnologia biom\u00e9trica para identificar o funcion\u00e1rio no momento da marca\u00e7\u00e3o. Em vez de apresentar um cart\u00e3o ou posicionar o dedo sobre um leitor, o trabalhador se apresenta diante do equipamento para que sua identidade seja verificada.<\/p>\n\n\n\n<p class=\"wp-block-paragraph\">Ap\u00f3s a identifica\u00e7\u00e3o, a marca\u00e7\u00e3o \u00e9 processada conforme a solu\u00e7\u00e3o utilizada pela empresa. A principal diferen\u00e7a em rela\u00e7\u00e3o aos m\u00e9todos convencionais est\u00e1 justamente na forma de autentica\u00e7\u00e3o do usu\u00e1rio.<\/p>\n\n\n\n<p class=\"wp-block-paragraph\">Como as caracter\u00edsticas biom\u00e9tricas est\u00e3o associadas ao pr\u00f3prio indiv\u00edduo, n\u00e3o existe a mesma depend\u00eancia de objetos f\u00edsicos que podem ser esquecidos, perdidos ou emprestados.<\/p>\n\n\n\n<h2 class=\"wp-block-heading\">Como o reconhecimento facial funciona na pr\u00e1tica?<\/h2>\n\n\n\n<p class=\"wp-block-paragraph\">Antes da utiliza\u00e7\u00e3o cotidiana, \u00e9 necess\u00e1rio realizar o cadastramento do usu\u00e1rio de acordo com os procedimentos do sistema. A solu\u00e7\u00e3o processa caracter\u00edsticas biom\u00e9tricas que posteriormente ser\u00e3o utilizadas para verificar a identidade apresentada no momento da marca\u00e7\u00e3o.<\/p>\n\n\n\n<p class=\"wp-block-paragraph\">Quando o funcion\u00e1rio se posiciona diante do equipamento, o sistema realiza a compara\u00e7\u00e3o necess\u00e1ria para identificar o usu\u00e1rio. Se a autentica\u00e7\u00e3o for conclu\u00edda corretamente, o registro da jornada pode ser efetuado.<\/p>\n\n\n\n<p class=\"wp-block-paragraph\">O funcionamento espec\u00edfico varia conforme fabricante, modelo e tecnologia utilizada. Por isso, fatores como capacidade de usu\u00e1rios, desempenho, condi\u00e7\u00f5es do ambiente e integra\u00e7\u00e3o com o software de gest\u00e3o devem ser avaliados antes da compra.<\/p>\n\n\n\n<h2 class=\"wp-block-heading\">Quais as vantagens do reconhecimento facial para a empresa?<\/h2>\n\n\n\n<p class=\"wp-block-paragraph\">Uma vantagem bastante evidente \u00e9 a praticidade. O funcion\u00e1rio n\u00e3o precisa carregar uma credencial espec\u00edfica apenas para registrar sua jornada, diminuindo problemas relacionados a cart\u00f5es esquecidos ou danificados.<\/p>\n\n\n\n<p class=\"wp-block-paragraph\">A velocidade de identifica\u00e7\u00e3o tamb\u00e9m pode beneficiar ambientes com grande fluxo de pessoas. Em empresas nas quais muitos funcion\u00e1rios iniciam o turno aproximadamente no mesmo hor\u00e1rio, alguns segundos economizados em cada autentica\u00e7\u00e3o podem contribuir para reduzir filas diante dos equipamentos.<\/p>\n\n\n\n<p class=\"wp-block-paragraph\">Al\u00e9m disso, a identifica\u00e7\u00e3o biom\u00e9trica dificulta situa\u00e7\u00f5es nas quais uma pessoa tenta realizar a marca\u00e7\u00e3o utilizando a credencial f\u00edsica de outra.<\/p>\n\n\n\n<h2 class=\"wp-block-heading\">Reconhecimento facial pode ajudar a evitar marca\u00e7\u00f5es por terceiros?<\/h2>\n\n\n\n<p class=\"wp-block-paragraph\">Um dos problemas dos sistemas baseados exclusivamente em cart\u00f5es ou senhas \u00e9 a possibilidade de compartilhamento da credencial. Um trabalhador pode entregar o cart\u00e3o a outra pessoa ou revelar sua senha, comprometendo a confiabilidade do processo.<\/p>\n\n\n\n<p class=\"wp-block-paragraph\">A autentica\u00e7\u00e3o biom\u00e9trica cria uma barreira adicional porque a identifica\u00e7\u00e3o est\u00e1 relacionada \u00e0s caracter\u00edsticas do pr\u00f3prio usu\u00e1rio.<\/p>\n\n\n\n<p class=\"wp-block-paragraph\">Isso n\u00e3o significa que qualquer equipamento biom\u00e9trico seja automaticamente infal\u00edvel. A qualidade da tecnologia, a configura\u00e7\u00e3o e os procedimentos adotados pela empresa continuam sendo importantes para a confiabilidade do sistema.<\/p>\n\n\n\n<h2 class=\"wp-block-heading\">O que a CLT determina sobre o controle de ponto?<\/h2>\n\n\n\n<p class=\"wp-block-paragraph\">O artigo 74 da Consolida\u00e7\u00e3o das Leis do Trabalho estabelece a obrigatoriedade da anota\u00e7\u00e3o dos hor\u00e1rios de entrada e sa\u00edda para estabelecimentos com mais de 20 trabalhadores, admitindo os meios manual, mec\u00e2nico ou eletr\u00f4nico, conforme as regras aplic\u00e1veis.<\/p>\n\n\n\n<p class=\"wp-block-paragraph\">Para empresas que adotam registro eletr\u00f4nico, tamb\u00e9m \u00e9 necess\u00e1rio observar a regulamenta\u00e7\u00e3o espec\u00edfica do Minist\u00e9rio do Trabalho e Emprego.<\/p>\n\n\n\n<p class=\"wp-block-paragraph\">Isso significa que possuir reconhecimento facial n\u00e3o \u00e9 suficiente para determinar se uma solu\u00e7\u00e3o est\u00e1 adequada. A empresa deve avaliar o sistema de registro eletr\u00f4nico como um todo e sua conformidade com os requisitos aplic\u00e1veis.<\/p>\n\n\n\n<h2 class=\"wp-block-heading\">O que a Portaria 671 estabelece sobre o ponto eletr\u00f4nico?<\/h2>\n\n\n\n<p class=\"wp-block-paragraph\">A Portaria MTP n\u00ba 671\/2021 regulamenta diferentes aspectos do registro eletr\u00f4nico de ponto e prev\u00ea modalidades como o Registrador Eletr\u00f4nico de Ponto Convencional (REP-C), Alternativo (REP-A) e via Programa (REP-P), cada uma submetida \u00e0s condi\u00e7\u00f5es previstas na regulamenta\u00e7\u00e3o.<\/p>\n\n\n\n<p class=\"wp-block-paragraph\">A norma tamb\u00e9m estabelece requisitos relacionados aos registros e aos arquivos gerados pelo sistema.<\/p>\n\n\n\n<p class=\"wp-block-paragraph\">Por isso, ao escolher um rel\u00f3gio de ponto com reconhecimento facial, o empres\u00e1rio precisa verificar n\u00e3o apenas as caracter\u00edsticas comerciais apresentadas pelo fabricante, mas tamb\u00e9m a adequa\u00e7\u00e3o da solu\u00e7\u00e3o ao modelo de registro que ser\u00e1 adotado pela organiza\u00e7\u00e3o.<\/p>\n\n\n\n<h2 class=\"wp-block-heading\">Reconhecimento facial e LGPD: qual \u00e9 a rela\u00e7\u00e3o?<\/h2>\n\n\n\n<p class=\"wp-block-paragraph\">Esse \u00e9 um dos pontos mais importantes para empresas que pretendem implementar a tecnologia. A LGPD classifica como dado pessoal sens\u00edvel o dado biom\u00e9trico quando vinculado a uma pessoa natural.<\/p>\n\n\n\n<p class=\"wp-block-paragraph\">Consequentemente, o tratamento dessas informa\u00e7\u00f5es exige cuidados espec\u00edficos. A organiza\u00e7\u00e3o precisa identificar a hip\u00f3tese legal adequada, determinar claramente a finalidade do tratamento e adotar medidas capazes de proteger os dados contra acessos n\u00e3o autorizados e situa\u00e7\u00f5es acidentais ou il\u00edcitas.<\/p>\n\n\n\n<p class=\"wp-block-paragraph\">A implanta\u00e7\u00e3o tamb\u00e9m deve respeitar princ\u00edpios previstos na legisla\u00e7\u00e3o, incluindo necessidade, finalidade, adequa\u00e7\u00e3o, seguran\u00e7a e preven\u00e7\u00e3o.<\/p>\n\n\n\n<h2 class=\"wp-block-heading\">A empresa pode coletar qualquer informa\u00e7\u00e3o biom\u00e9trica?<\/h2>\n\n\n\n<p class=\"wp-block-paragraph\">A disponibilidade de uma tecnologia n\u00e3o significa que a empresa possa coletar dados sem crit\u00e9rios. A LGPD estabelece que o tratamento precisa estar relacionado a finalidades determinadas e observar os requisitos previstos pela legisla\u00e7\u00e3o.<\/p>\n\n\n\n<p class=\"wp-block-paragraph\">Por isso, o projeto deve avaliar quais informa\u00e7\u00f5es s\u00e3o realmente necess\u00e1rias para alcan\u00e7ar o objetivo pretendido.<\/p>\n\n\n\n<p class=\"wp-block-paragraph\">Tamb\u00e9m \u00e9 importante entender como o fornecedor trata os dados, onde as informa\u00e7\u00f5es ficam armazenadas, quais mecanismos de prote\u00e7\u00e3o s\u00e3o utilizados e quais pessoas possuem privil\u00e9gios administrativos sobre o sistema.<\/p>\n\n\n\n<h2 class=\"wp-block-heading\">Onde o rel\u00f3gio facial pode ser utilizado?<\/h2>\n\n\n\n<p class=\"wp-block-paragraph\">A tecnologia pode ser interessante para ind\u00fastrias, hospitais, escrit\u00f3rios, empresas de servi\u00e7os, redes varejistas, centros log\u00edsticos e diversos outros ambientes.<\/p>\n\n\n\n<p class=\"wp-block-paragraph\">A escolha depende muito mais das caracter\u00edsticas da opera\u00e7\u00e3o do que do segmento isoladamente. Quantidade de funcion\u00e1rios, forma\u00e7\u00e3o de filas nos hor\u00e1rios de troca de turno e infraestrutura dispon\u00edvel s\u00e3o alguns fatores que precisam entrar na an\u00e1lise.<\/p>\n\n\n\n<p class=\"wp-block-paragraph\">Empresas com centenas de funcion\u00e1rios, por exemplo, podem precisar de v\u00e1rios equipamentos posicionados estrategicamente para distribuir o fluxo de marca\u00e7\u00f5es.<\/p>\n\n\n\n<h2 class=\"wp-block-heading\">O ambiente interfere no reconhecimento?<\/h2>\n\n\n\n<p class=\"wp-block-paragraph\">A instala\u00e7\u00e3o adequada \u00e9 importante para o desempenho de qualquer equipamento biom\u00e9trico. Ilumina\u00e7\u00e3o, posicionamento e caracter\u00edsticas f\u00edsicas do local podem interferir na experi\u00eancia de utiliza\u00e7\u00e3o dependendo da tecnologia adotada.<\/p>\n\n\n\n<p class=\"wp-block-paragraph\">Por isso, simplesmente comprar o equipamento e instal\u00e1-lo no primeiro espa\u00e7o dispon\u00edvel pode n\u00e3o produzir o melhor resultado.<\/p>\n\n\n\n<p class=\"wp-block-paragraph\">Uma avalia\u00e7\u00e3o t\u00e9cnica permite definir locais mais adequados e verificar quest\u00f5es relacionadas \u00e0 alimenta\u00e7\u00e3o el\u00e9trica, rede, altura de instala\u00e7\u00e3o e fluxo dos trabalhadores.<\/p>\n\n\n\n<h2 class=\"wp-block-heading\">Integra\u00e7\u00e3o com o software facilita a rotina do RH<\/h2>\n\n\n\n<p class=\"wp-block-paragraph\">O equipamento \u00e9 apenas uma parte da estrutura de gest\u00e3o da jornada. Depois que as marca\u00e7\u00f5es s\u00e3o realizadas, o departamento respons\u00e1vel precisa transformar os registros em informa\u00e7\u00f5es \u00fateis para administrar a rotina trabalhista.<\/p>\n\n\n\n<p class=\"wp-block-paragraph\">Sistemas de gest\u00e3o permitem acompanhar marca\u00e7\u00f5es, identificar ocorr\u00eancias, gerar relat\u00f3rios e preparar informa\u00e7\u00f5es para outras etapas administrativas.<\/p>\n\n\n\n<p class=\"wp-block-paragraph\">Uma boa integra\u00e7\u00e3o reduz tarefas manuais e evita que o RH precise transferir repetidamente dados entre diferentes ferramentas.<\/p>\n\n\n\n<h2 class=\"wp-block-heading\">Manuten\u00e7\u00e3o preventiva tamb\u00e9m deve ser considerada<\/h2>\n\n\n\n<p class=\"wp-block-paragraph\">Assim como qualquer equipamento eletr\u00f4nico utilizado diariamente, o rel\u00f3gio de ponto precisa de acompanhamento t\u00e9cnico. Falhas no dispositivo podem provocar filas, dificultar marca\u00e7\u00f5es e gerar trabalho adicional para o departamento pessoal.<\/p>\n\n\n\n<p class=\"wp-block-paragraph\">A manuten\u00e7\u00e3o preventiva ajuda a identificar problemas antes que eles causem uma interrup\u00e7\u00e3o significativa da opera\u00e7\u00e3o. Tamb\u00e9m \u00e9 importante manter os sistemas adequadamente configurados e acompanhar atualiza\u00e7\u00f5es pertinentes \u00e0s solu\u00e7\u00f5es utilizadas.<\/p>\n\n\n\n<p class=\"wp-block-paragraph\">Para empresas com grande quantidade de funcion\u00e1rios, a disponibilidade dos equipamentos se torna ainda mais relevante.<\/p>\n\n\n\n<h2 class=\"wp-block-heading\">Como escolher um rel\u00f3gio de ponto com reconhecimento facial?<\/h2>\n\n\n\n<p class=\"wp-block-paragraph\">A decis\u00e3o deve considerar capacidade de usu\u00e1rios, velocidade de identifica\u00e7\u00e3o, compatibilidade com o sistema de gest\u00e3o, infraestrutura necess\u00e1ria e suporte oferecido pelo fornecedor.<\/p>\n\n\n\n<p class=\"wp-block-paragraph\">Tamb\u00e9m \u00e9 importante avaliar a conformidade da solu\u00e7\u00e3o com as regras aplic\u00e1veis ao registro eletr\u00f4nico e os mecanismos utilizados para proteger informa\u00e7\u00f5es biom\u00e9tricas.<\/p>\n\n\n\n<p class=\"wp-block-paragraph\">Pre\u00e7o, isoladamente, n\u00e3o deveria ser o principal crit\u00e9rio. Um equipamento barato que apresente instabilidade ou dificuldades de integra\u00e7\u00e3o pode gerar custos operacionais muito maiores posteriormente.<\/p>\n\n\n\n<h2 class=\"wp-block-heading\">Estater: rel\u00f3gios de ponto e sistemas para empresas<\/h2>\n\n\n\n<p class=\"wp-block-paragraph\">A Estater oferece rel\u00f3gios de ponto e sistemas para organiza\u00e7\u00f5es que desejam modernizar a gest\u00e3o da jornada. Empresas interessadas em tecnologias como reconhecimento facial podem contar com orienta\u00e7\u00e3o especializada para identificar uma solu\u00e7\u00e3o compat\u00edvel com suas necessidades operacionais.<\/p>\n\n\n\n<p class=\"wp-block-paragraph\">Al\u00e9m do fornecimento dos equipamentos, a Estater atua com instala\u00e7\u00e3o, configura\u00e7\u00e3o, suporte e manuten\u00e7\u00e3o, contribuindo para que a infraestrutura continue funcionando adequadamente depois da implanta\u00e7\u00e3o.<\/p>\n\n\n\n<p class=\"wp-block-paragraph\">Para empresas do Rio de Janeiro que precisam modernizar seus equipamentos de ponto, contar com um fornecedor especializado tamb\u00e9m facilita a resolu\u00e7\u00e3o de problemas t\u00e9cnicos e a manuten\u00e7\u00e3o ao longo da vida \u00fatil da solu\u00e7\u00e3o.<\/p>\n\n\n\n<h2 class=\"wp-block-heading\">Vale a pena investir em rel\u00f3gio de ponto com reconhecimento facial?<\/h2>\n\n\n\n<p class=\"wp-block-paragraph\">O <strong>rel\u00f3gio de ponto com reconhecimento facial<\/strong> pode trazer vantagens importantes para empresas que procuram agilizar as marca\u00e7\u00f5es, diminuir a depend\u00eancia de cart\u00f5es e modernizar o processo de identifica\u00e7\u00e3o dos funcion\u00e1rios. O benef\u00edcio, entretanto, depende da escolha de uma solu\u00e7\u00e3o adequada e de uma implanta\u00e7\u00e3o bem planejada.<\/p>\n\n\n\n<p class=\"wp-block-paragraph\">Al\u00e9m das caracter\u00edsticas do equipamento, a organiza\u00e7\u00e3o precisa considerar a CLT, a Portaria 671 e os cuidados estabelecidos pela LGPD para o tratamento de dados biom\u00e9tricos.<\/p>\n\n\n\n<p class=\"wp-block-paragraph\">Com planejamento e o suporte da Estater, a empresa pode adotar uma solu\u00e7\u00e3o moderna sem transformar a tecnologia em mais uma fonte de dificuldades para o RH. O objetivo deve ser justamente o contr\u00e1rio: tornar o registro da jornada mais confi\u00e1vel, organizado e eficiente.<\/p>\n\n\n\n<p class=\"wp-block-paragraph\">Leia tamb\u00e9m: <a href=\"https:\/\/estatertecnologia.com.br\/estater2\/controle-de-acesso-sem-contato\/\">Controle de acesso sem contato: como a tecnologia touchless est\u00e1 transformando a seguran\u00e7a das empresas<\/a><\/p>\n\n\n\n<p class=\"wp-block-paragraph\">Siga nosso Instagram: <a href=\"https:\/\/www.instagram.com\/estatertecnologia\/?utm_medium=copy_link\" target=\"_blank\" rel=\"noreferrer noopener\"><strong>@estatertecnologia<\/strong><\/a><\/p>\n\t\t\t\t\t\t\t\t<\/div>\n\t\t\t\t<\/div>\n\t\t\t\t\t<\/div>\n\t\t<\/div>\n\t\t\t\t\t<\/div>\n\t\t<\/section>\n\t\t\t\t<section class=\"elementor-section elementor-top-section elementor-element elementor-element-7b0556c elementor-section-boxed elementor-section-height-default elementor-section-height-default\" data-id=\"7b0556c\" data-element_type=\"section\" data-e-type=\"section\">\n\t\t\t\t\t\t<div class=\"elementor-container elementor-column-gap-default\">\n\t\t\t\t\t<div class=\"elementor-column elementor-col-25 elementor-top-column elementor-element elementor-element-437a116d\" data-id=\"437a116d\" data-element_type=\"column\" data-e-type=\"column\">\n\t\t\t<div class=\"elementor-widget-wrap\">\n\t\t\t\t\t\t\t<\/div>\n\t\t<\/div>\n\t\t\t\t<div class=\"elementor-column elementor-col-50 elementor-top-column elementor-element elementor-element-4649aebf\" data-id=\"4649aebf\" data-element_type=\"column\" data-e-type=\"column\">\n\t\t\t<div class=\"elementor-widget-wrap elementor-element-populated\">\n\t\t\t\t\t\t<div class=\"elementor-element elementor-element-53beec79 elementor-widget elementor-widget-text-editor\" data-id=\"53beec79\" data-element_type=\"widget\" data-e-type=\"widget\" data-widget_type=\"text-editor.default\">\n\t\t\t\t<div class=\"elementor-widget-container\">\n\t\t\t\t\t\t\t\t\t<p style=\"text-align: center;\">Entre em Contato Conosco!<\/p>\t\t\t\t\t\t\t\t<\/div>\n\t\t\t\t<\/div>\n\t\t\t\t<div class=\"elementor-element elementor-element-44242bd8 elementor-button-align-stretch elementor-widget elementor-widget-global elementor-global-5243 elementor-widget-form\" data-id=\"44242bd8\" data-element_type=\"widget\" data-e-type=\"widget\" data-settings=\"{&quot;step_next_label&quot;:&quot;Next&quot;,&quot;step_previous_label&quot;:&quot;Previous&quot;,&quot;button_width&quot;:&quot;100&quot;,&quot;step_type&quot;:&quot;number_text&quot;,&quot;step_icon_shape&quot;:&quot;circle&quot;}\" data-widget_type=\"form.default\">\n\t\t\t\t<div class=\"elementor-widget-container\">\n\t\t\t\t\t\t\t<form class=\"elementor-form\" method=\"post\" name=\"formEstater\" aria-label=\"formEstater\">\n\t\t\t<input type=\"hidden\" name=\"post_id\" value=\"10742\"\/>\n\t\t\t<input type=\"hidden\" name=\"form_id\" value=\"44242bd8\"\/>\n\t\t\t<input type=\"hidden\" name=\"referer_title\" value=\"\" \/>\n\n\t\t\t\n\t\t\t<div class=\"elementor-form-fields-wrapper elementor-labels-\">\n\t\t\t\t\t\t\t\t<div class=\"elementor-field-type-text elementor-field-group elementor-column elementor-field-group-name elementor-col-100 elementor-field-required\">\n\t\t\t\t\t\t\t\t\t\t\t\t<label for=\"form-field-name\" class=\"elementor-field-label elementor-screen-only\">\n\t\t\t\t\t\t\t\tNome\t\t\t\t\t\t\t<\/label>\n\t\t\t\t\t\t\t\t\t\t\t\t\t\t<input size=\"1\" type=\"text\" name=\"form_fields[name]\" id=\"form-field-name\" class=\"elementor-field elementor-size-md  elementor-field-textual\" placeholder=\"Nome\" required=\"required\">\n\t\t\t\t\t\t\t\t\t\t\t<\/div>\n\t\t\t\t\t\t\t\t<div class=\"elementor-field-type-email elementor-field-group elementor-column elementor-field-group-email elementor-col-100 elementor-field-required\">\n\t\t\t\t\t\t\t\t\t\t\t\t<label for=\"form-field-email\" class=\"elementor-field-label elementor-screen-only\">\n\t\t\t\t\t\t\t\tEmail\t\t\t\t\t\t\t<\/label>\n\t\t\t\t\t\t\t\t\t\t\t\t\t\t<input size=\"1\" type=\"email\" name=\"form_fields[email]\" id=\"form-field-email\" class=\"elementor-field elementor-size-md  elementor-field-textual\" placeholder=\"Email\" required=\"required\">\n\t\t\t\t\t\t\t\t\t\t\t<\/div>\n\t\t\t\t\t\t\t\t<div class=\"elementor-field-type-tel elementor-field-group elementor-column elementor-field-group-field_8664d40 elementor-col-100 elementor-field-required\">\n\t\t\t\t\t\t\t\t\t\t\t\t<label for=\"form-field-field_8664d40\" class=\"elementor-field-label elementor-screen-only\">\n\t\t\t\t\t\t\t\tTelefone\t\t\t\t\t\t\t<\/label>\n\t\t\t\t\t\t\t\t<input size=\"1\" type=\"tel\" name=\"form_fields[field_8664d40]\" id=\"form-field-field_8664d40\" class=\"elementor-field elementor-size-md  elementor-field-textual\" placeholder=\"Telefone\" required=\"required\" pattern=\"[0-9()#&amp;+*-=.]+\" title=\"Apenas n\u00fameros e caracteres de telefone (#, -, *, etc.) s\u00e3o aceitos.\">\n\n\t\t\t\t\t\t<\/div>\n\t\t\t\t\t\t\t\t<div class=\"elementor-field-type-textarea elementor-field-group elementor-column elementor-field-group-message elementor-col-100\">\n\t\t\t\t\t\t\t\t\t\t\t\t<label for=\"form-field-message\" class=\"elementor-field-label elementor-screen-only\">\n\t\t\t\t\t\t\t\tMensagem\t\t\t\t\t\t\t<\/label>\n\t\t\t\t\t\t<textarea class=\"elementor-field-textual elementor-field  elementor-size-md\" name=\"form_fields[message]\" id=\"form-field-message\" rows=\"4\" placeholder=\"Mensagem\"><\/textarea>\t\t\t\t<\/div>\n\t\t\t\t\t\t\t\t<div class=\"elementor-field-type-recaptcha_v3 elementor-field-group elementor-column elementor-field-group-field_233d6ce elementor-col-100 recaptcha_v3-bottomright\">\n\t\t\t\t\t<div class=\"elementor-field\" id=\"form-field-field_233d6ce\"><div class=\"elementor-g-recaptcha\" data-sitekey=\"6LdNKOUkAAAAAJhVoajV1ITUIM52U9t-TDZxa1Pf\" data-type=\"v3\" data-action=\"Form\" data-badge=\"bottomright\" data-size=\"invisible\"><\/div><\/div>\t\t\t\t<\/div>\n\t\t\t\t\t\t\t\t<div class=\"elementor-field-group elementor-column elementor-field-type-submit elementor-col-100 e-form__buttons\">\n\t\t\t\t\t<button class=\"elementor-button elementor-size-md\" type=\"submit\">\n\t\t\t\t\t\t<span class=\"elementor-button-content-wrapper\">\n\t\t\t\t\t\t\t\t\t\t\t\t\t\t\t\t\t\t\t\t\t\t<span class=\"elementor-button-text\">Enviar<\/span>\n\t\t\t\t\t\t\t\t\t\t\t\t\t<\/span>\n\t\t\t\t\t<\/button>\n\t\t\t\t<\/div>\n\t\t\t<\/div>\n\t\t<\/form>\n\t\t\t\t\t\t<\/div>\n\t\t\t\t<\/div>\n\t\t\t\t\t<\/div>\n\t\t<\/div>\n\t\t\t\t<div class=\"elementor-column elementor-col-25 elementor-top-column elementor-element elementor-element-4537446d\" data-id=\"4537446d\" data-element_type=\"column\" data-e-type=\"column\">\n\t\t\t<div class=\"elementor-widget-wrap\">\n\t\t\t\t\t\t\t<\/div>\n\t\t<\/div>\n\t\t\t\t\t<\/div>\n\t\t<\/section>\n\t\t\t\t<\/div>\n\t\t","protected":false},"excerpt":{"rendered":"<p>A evolu\u00e7\u00e3o dos sistemas de gest\u00e3o de jornada trouxe novas possibilidades para empresas que desejam registrar os hor\u00e1rios dos colaboradores com mais agilidade e organiza\u00e7\u00e3o. Entre as tecnologias que ganharam espa\u00e7o est\u00e1 o rel\u00f3gio de ponto com reconhecimento facial, que permite identificar o trabalhador por caracter\u00edsticas biom\u00e9tricas do rosto e realizar a marca\u00e7\u00e3o sem depender [&hellip;]<\/p>\n","protected":false},"author":6,"featured_media":10743,"comment_status":"closed","ping_status":"closed","sticky":false,"template":"","format":"standard","meta":{"footnotes":""},"categories":[25],"tags":[75,86,60],"class_list":["post-10742","post","type-post","status-publish","format-standard","has-post-thumbnail","hentry","category-relogio-de-ponto","tag-biometria","tag-controle-de-ponto","tag-ponto-eletronico"],"_links":{"self":[{"href":"https:\/\/estatertecnologia.com.br\/estater2\/wp-json\/wp\/v2\/posts\/10742","targetHints":{"allow":["GET"]}}],"collection":[{"href":"https:\/\/estatertecnologia.com.br\/estater2\/wp-json\/wp\/v2\/posts"}],"about":[{"href":"https:\/\/estatertecnologia.com.br\/estater2\/wp-json\/wp\/v2\/types\/post"}],"author":[{"embeddable":true,"href":"https:\/\/estatertecnologia.com.br\/estater2\/wp-json\/wp\/v2\/users\/6"}],"replies":[{"embeddable":true,"href":"https:\/\/estatertecnologia.com.br\/estater2\/wp-json\/wp\/v2\/comments?post=10742"}],"version-history":[{"count":4,"href":"https:\/\/estatertecnologia.com.br\/estater2\/wp-json\/wp\/v2\/posts\/10742\/revisions"}],"predecessor-version":[{"id":10747,"href":"https:\/\/estatertecnologia.com.br\/estater2\/wp-json\/wp\/v2\/posts\/10742\/revisions\/10747"}],"wp:featuredmedia":[{"embeddable":true,"href":"https:\/\/estatertecnologia.com.br\/estater2\/wp-json\/wp\/v2\/media\/10743"}],"wp:attachment":[{"href":"https:\/\/estatertecnologia.com.br\/estater2\/wp-json\/wp\/v2\/media?parent=10742"}],"wp:term":[{"taxonomy":"category","embeddable":true,"href":"https:\/\/estatertecnologia.com.br\/estater2\/wp-json\/wp\/v2\/categories?post=10742"},{"taxonomy":"post_tag","embeddable":true,"href":"https:\/\/estatertecnologia.com.br\/estater2\/wp-json\/wp\/v2\/tags?post=10742"}],"curies":[{"name":"wp","href":"https:\/\/api.w.org\/{rel}","templated":true}]}}