{"id":10733,"date":"2026-08-17T14:39:44","date_gmt":"2026-08-17T17:39:44","guid":{"rendered":"https:\/\/estatertecnologia.com.br\/estater2\/?p=10733"},"modified":"2026-08-17T14:45:29","modified_gmt":"2026-08-17T17:45:29","slug":"controle-de-acesso-em-caso-de-emergencia","status":"publish","type":"post","link":"https:\/\/estatertecnologia.com.br\/estater2\/controle-de-acesso-em-caso-de-emergencia\/","title":{"rendered":"Controle de acesso em caso de emerg\u00eancia: como conciliar seguran\u00e7a e evacua\u00e7\u00e3o da empresa"},"content":{"rendered":"\t\t<div data-elementor-type=\"wp-post\" data-elementor-id=\"10733\" class=\"elementor elementor-10733\" data-elementor-post-type=\"post\">\n\t\t\t\t\t\t<section class=\"elementor-section elementor-top-section elementor-element elementor-element-51869906 elementor-section-boxed elementor-section-height-default elementor-section-height-default\" data-id=\"51869906\" data-element_type=\"section\" data-e-type=\"section\">\n\t\t\t\t\t\t<div class=\"elementor-container elementor-column-gap-default\">\n\t\t\t\t\t<div class=\"elementor-column elementor-col-100 elementor-top-column elementor-element elementor-element-7e955448\" data-id=\"7e955448\" data-element_type=\"column\" data-e-type=\"column\">\n\t\t\t<div class=\"elementor-widget-wrap elementor-element-populated\">\n\t\t\t\t\t\t<div class=\"elementor-element elementor-element-7c7c064 elementor-widget elementor-widget-global elementor-global-8734 elementor-widget-image\" data-id=\"7c7c064\" data-element_type=\"widget\" data-e-type=\"widget\" data-widget_type=\"image.default\">\n\t\t\t\t<div class=\"elementor-widget-container\">\n\t\t\t\t\t\t\t\t\t\t\t\t\t\t\t\t<a href=\"https:\/\/estatertecnologia.com.br\/estater2\/relogio-de-ponto-idclass\/\">\n\t\t\t\t\t\t\t<img fetchpriority=\"high\" decoding=\"async\" width=\"850\" height=\"127\" src=\"https:\/\/estatertecnologia.com.br\/estater2\/wp-content\/uploads\/2023\/09\/BANNER-SITE.jpeg\" class=\"attachment-full size-full wp-image-7539\" alt=\"controle de ponto\" srcset=\"https:\/\/estatertecnologia.com.br\/estater2\/wp-content\/uploads\/2023\/09\/BANNER-SITE.jpeg 850w, https:\/\/estatertecnologia.com.br\/estater2\/wp-content\/uploads\/2023\/09\/BANNER-SITE-300x45.jpeg 300w, https:\/\/estatertecnologia.com.br\/estater2\/wp-content\/uploads\/2023\/09\/BANNER-SITE-768x115.jpeg 768w\" sizes=\"(max-width: 850px) 100vw, 850px\" \/>\t\t\t\t\t\t\t\t<\/a>\n\t\t\t\t\t\t\t\t\t\t\t\t\t\t\t<\/div>\n\t\t\t\t<\/div>\n\t\t\t\t<div class=\"elementor-element elementor-element-3046cf09 elementor-widget elementor-widget-text-editor\" data-id=\"3046cf09\" data-element_type=\"widget\" data-e-type=\"widget\" data-widget_type=\"text-editor.default\">\n\t\t\t\t<div class=\"elementor-widget-container\">\n\t\t\t\t\t\t\t\t\t\n<p class=\"wp-block-paragraph\">Investir em tecnologias capazes de impedir a entrada de pessoas n\u00e3o autorizadas \u00e9 uma medida importante para a seguran\u00e7a empresarial. Entretanto, existe outro aspecto que precisa ser considerado desde o planejamento do projeto: o que acontece com as portas, catracas e demais barreiras quando ocorre uma emerg\u00eancia? Um bom controle de acesso em caso de emerg\u00eancia deve proteger o patrim\u00f4nio durante a opera\u00e7\u00e3o cotidiana sem criar obst\u00e1culos inadequados \u00e0 sa\u00edda das pessoas diante de uma situa\u00e7\u00e3o cr\u00edtica.<\/p>\n\n\n\n<p class=\"wp-block-paragraph\">Inc\u00eandios, falta de energia e outras ocorr\u00eancias podem exigir procedimentos completamente diferentes daqueles adotados durante o funcionamento normal da empresa. Nessas circunst\u00e2ncias, equipamentos, regras internas e planos de emerg\u00eancia precisam funcionar de maneira coordenada.<\/p>\n\n\n\n<p class=\"wp-block-paragraph\">Por esse motivo, empres\u00e1rios, administradores e respons\u00e1veis pela seguran\u00e7a n\u00e3o devem analisar o sistema apenas pela capacidade de bloquear entradas. O projeto precisa considerar as caracter\u00edsticas da edifica\u00e7\u00e3o, as normas aplic\u00e1veis, as rotas de sa\u00edda e a forma como os dispositivos dever\u00e3o responder em diferentes cen\u00e1rios.<\/p>\n\n\n\n<h2 class=\"wp-block-heading\">O que acontece com o controle de acesso durante uma emerg\u00eancia?<\/h2>\n\n\n\n<p class=\"wp-block-paragraph\">A resposta depende da infraestrutura instalada, do ambiente protegido e das caracter\u00edsticas do projeto. Uma porta eletr\u00f4nica utilizada para separar dois setores administrativos, por exemplo, possui necessidades diferentes de uma barreira localizada em uma rota de sa\u00edda da edifica\u00e7\u00e3o.<\/p>\n\n\n\n<p class=\"wp-block-paragraph\">Em uma emerg\u00eancia que exija evacua\u00e7\u00e3o, a prioridade \u00e9 permitir que as pessoas sigam os procedimentos estabelecidos para deixar as \u00e1reas afetadas com seguran\u00e7a. Por isso, a implanta\u00e7\u00e3o de fechaduras, catracas e outros dispositivos n\u00e3o pode ignorar as exig\u00eancias de seguran\u00e7a contra inc\u00eandio e p\u00e2nico aplic\u00e1veis ao im\u00f3vel.<\/p>\n\n\n\n<p class=\"wp-block-paragraph\">\u00c9 justamente por essa raz\u00e3o que um projeto profissional deve considerar muito mais do que o equipamento instalado na entrada.<\/p>\n\n\n\n<h2 class=\"wp-block-heading\">Seguran\u00e7a n\u00e3o significa simplesmente manter todas as portas bloqueadas<\/h2>\n\n\n\n<p class=\"wp-block-paragraph\">Um erro de planejamento \u00e9 considerar que quanto maior o n\u00famero de barreiras, mais protegido estar\u00e1 o empreendimento. Essa l\u00f3gica pode funcionar apenas quando se pensa em impedir entradas, mas n\u00e3o quando \u00e9 necess\u00e1rio analisar toda a circula\u00e7\u00e3o das pessoas.<\/p>\n\n\n\n<p class=\"wp-block-paragraph\">Portas eletr\u00f4nicas precisam ser posicionadas e configuradas considerando a fun\u00e7\u00e3o de cada passagem. Em determinados pontos, a sa\u00edda precisa ocorrer de maneira compat\u00edvel com as normas e com o plano de emerg\u00eancia da edifica\u00e7\u00e3o.<\/p>\n\n\n\n<p class=\"wp-block-paragraph\">O objetivo \u00e9 equilibrar prote\u00e7\u00e3o patrimonial e seguran\u00e7a das pessoas. Nenhum desses aspectos deve ser analisado isoladamente.<\/p>\n\n\n\n<h2 class=\"wp-block-heading\">Integra\u00e7\u00e3o com sistemas de detec\u00e7\u00e3o e alarme<\/h2>\n\n\n\n<p class=\"wp-block-paragraph\">Projetos mais completos podem envolver integra\u00e7\u00e3o entre diferentes solu\u00e7\u00f5es de seguran\u00e7a. Dependendo das caracter\u00edsticas t\u00e9cnicas da instala\u00e7\u00e3o, os dispositivos de acesso podem trabalhar de maneira coordenada com outros sistemas existentes na edifica\u00e7\u00e3o.<\/p>\n\n\n\n<p class=\"wp-block-paragraph\">Essa integra\u00e7\u00e3o precisa ser projetada adequadamente, considerando o comportamento esperado em situa\u00e7\u00f5es cr\u00edticas. N\u00e3o \u00e9 recomend\u00e1vel improvisar conex\u00f5es ou estabelecer regras sem uma avalia\u00e7\u00e3o t\u00e9cnica das caracter\u00edsticas dos equipamentos.<\/p>\n\n\n\n<p class=\"wp-block-paragraph\">Quando diferentes tecnologias trabalham de maneira coordenada, a resposta da organiza\u00e7\u00e3o diante de uma ocorr\u00eancia pode se tornar muito mais organizada.<\/p>\n\n\n\n<h2 class=\"wp-block-heading\">Falta de energia tamb\u00e9m precisa entrar no planejamento<\/h2>\n\n\n\n<p class=\"wp-block-paragraph\">Uma queda no fornecimento el\u00e9trico n\u00e3o deve ser tratada como uma possibilidade remota. Dependendo da regi\u00e3o, da infraestrutura ou das caracter\u00edsticas da opera\u00e7\u00e3o, interrup\u00e7\u00f5es podem acontecer e afetar equipamentos eletr\u00f4nicos.<\/p>\n\n\n\n<p class=\"wp-block-paragraph\">O projeto precisa prever o comportamento dos dispositivos nessas circunst\u00e2ncias. Fontes de alimenta\u00e7\u00e3o, sistemas auxiliares e caracter\u00edsticas das fechaduras s\u00e3o fatores que devem ser avaliados tecnicamente.<\/p>\n\n\n\n<p class=\"wp-block-paragraph\">A decis\u00e3o sobre como cada dispositivo funcionar\u00e1 n\u00e3o deve ser tomada de maneira gen\u00e9rica, pois as necessidades variam conforme o local e a fun\u00e7\u00e3o daquela passagem.<\/p>\n\n\n\n<h2 class=\"wp-block-heading\">Catracas exigem aten\u00e7\u00e3o especial<\/h2>\n\n\n\n<p class=\"wp-block-paragraph\">As catracas s\u00e3o muito eficientes para organizar o fluxo de colaboradores e impedir passagens sem autoriza\u00e7\u00e3o. Entretanto, sua instala\u00e7\u00e3o tamb\u00e9m deve considerar a circula\u00e7\u00e3o necess\u00e1ria em situa\u00e7\u00f5es excepcionais.<\/p>\n\n\n\n<p class=\"wp-block-paragraph\">N\u00e3o basta escolher o modelo pelo n\u00famero de usu\u00e1rios que consegue processar durante o hor\u00e1rio de maior movimento. O projeto precisa avaliar onde o equipamento ser\u00e1 instalado e como aquela \u00e1rea participa da circula\u00e7\u00e3o dentro da edifica\u00e7\u00e3o.<\/p>\n\n\n\n<p class=\"wp-block-paragraph\">Uma an\u00e1lise profissional evita que uma solu\u00e7\u00e3o criada para aumentar a seguran\u00e7a cotidiana provoque problemas operacionais em cen\u00e1rios inesperados.<\/p>\n\n\n\n<h2 class=\"wp-block-heading\">Por que o mapa de acessos da empresa \u00e9 importante?<\/h2>\n\n\n\n<p class=\"wp-block-paragraph\">Antes da implanta\u00e7\u00e3o, \u00e9 recomend\u00e1vel entender como as pessoas circulam pelo im\u00f3vel. Entradas principais, acessos secund\u00e1rios, setores internos, \u00e1reas t\u00e9cnicas e sa\u00eddas possuem fun\u00e7\u00f5es diferentes e podem exigir solu\u00e7\u00f5es distintas.<\/p>\n\n\n\n<p class=\"wp-block-paragraph\">Esse levantamento tamb\u00e9m ajuda a definir quais usu\u00e1rios precisam acessar cada ambiente durante a opera\u00e7\u00e3o normal. Ao mesmo tempo, permite avaliar quais barreiras merecem aten\u00e7\u00e3o especial dentro do planejamento de emerg\u00eancia.<\/p>\n\n\n\n<p class=\"wp-block-paragraph\">Empresas que simplesmente instalam equipamentos conforme surgem novas necessidades podem acabar criando uma estrutura fragmentada e dif\u00edcil de administrar.<\/p>\n\n\n\n<h2 class=\"wp-block-heading\">Os registros podem ajudar depois de uma ocorr\u00eancia<\/h2>\n\n\n\n<p class=\"wp-block-paragraph\">Os sistemas eletr\u00f4nicos tamb\u00e9m geram hist\u00f3ricos que podem auxiliar a organiza\u00e7\u00e3o na an\u00e1lise posterior de determinados acontecimentos. Dependendo da configura\u00e7\u00e3o adotada, \u00e9 poss\u00edvel consultar eventos relacionados \u00e0 utiliza\u00e7\u00e3o dos dispositivos e \u00e0s movimenta\u00e7\u00f5es registradas.<\/p>\n\n\n\n<p class=\"wp-block-paragraph\">Essas informa\u00e7\u00f5es podem contribuir para auditorias internas e para a revis\u00e3o dos procedimentos de seguran\u00e7a. Se uma ocorr\u00eancia revelar uma vulnerabilidade, a empresa consegue utilizar os dados dispon\u00edveis para compreender melhor o que aconteceu e aperfei\u00e7oar seus processos.<\/p>\n\n\n\n<p class=\"wp-block-paragraph\">A tecnologia, portanto, n\u00e3o serve apenas para realizar libera\u00e7\u00f5es em tempo real. Ela tamb\u00e9m pode produzir informa\u00e7\u00f5es \u00fateis para a gest\u00e3o.<\/p>\n\n\n\n<h2 class=\"wp-block-heading\">Manuten\u00e7\u00e3o preventiva \u00e9 essencial para situa\u00e7\u00f5es cr\u00edticas<\/h2>\n\n\n\n<p class=\"wp-block-paragraph\">Um equipamento aparentemente funcional pode apresentar problemas justamente quando \u00e9 mais necess\u00e1rio. Por isso, a manuten\u00e7\u00e3o preventiva deve fazer parte da pol\u00edtica de seguran\u00e7a da organiza\u00e7\u00e3o.<\/p>\n\n\n\n<p class=\"wp-block-paragraph\">Fechaduras, controladoras, leitores, fontes de alimenta\u00e7\u00e3o e demais componentes precisam ser verificados periodicamente. Tamb\u00e9m \u00e9 importante avaliar as integra\u00e7\u00f5es existentes e confirmar se a infraestrutura continua adequada ap\u00f3s altera\u00e7\u00f5es realizadas no im\u00f3vel.<\/p>\n\n\n\n<p class=\"wp-block-paragraph\">Mudan\u00e7as f\u00edsicas, reformas e amplia\u00e7\u00f5es podem modificar a circula\u00e7\u00e3o e exigir revis\u00e3o do projeto original.<\/p>\n\n\n\n<h2 class=\"wp-block-heading\">Procedimentos internos tamb\u00e9m precisam ser definidos<\/h2>\n\n\n\n<p class=\"wp-block-paragraph\">A tecnologia n\u00e3o substitui um bom planejamento de emerg\u00eancia. Os respons\u00e1veis precisam saber como agir diante de diferentes ocorr\u00eancias e conhecer os procedimentos estabelecidos pela organiza\u00e7\u00e3o.<\/p>\n\n\n\n<p class=\"wp-block-paragraph\">Tamb\u00e9m \u00e9 importante que funcion\u00e1rios recebam as orienta\u00e7\u00f5es pertinentes e que os respons\u00e1veis t\u00e9cnicos avaliem periodicamente a estrutura existente.<\/p>\n\n\n\n<p class=\"wp-block-paragraph\">Sistemas eficientes funcionam melhor quando fazem parte de uma pol\u00edtica mais ampla de seguran\u00e7a, em vez de serem tratados como equipamentos independentes instalados nas portas.<\/p>\n\n\n\n<h2 class=\"wp-block-heading\">LGPD continua sendo importante<\/h2>\n\n\n\n<p class=\"wp-block-paragraph\">Mesmo quando o foco est\u00e1 na seguran\u00e7a f\u00edsica, sistemas eletr\u00f4nicos podem tratar dados pessoais dos usu\u00e1rios. Registros de acesso, identifica\u00e7\u00e3o dos colaboradores e informa\u00e7\u00f5es biom\u00e9tricas, quando utilizadas, precisam receber tratamento compat\u00edvel com a Lei Geral de Prote\u00e7\u00e3o de Dados.<\/p>\n\n\n\n<p class=\"wp-block-paragraph\">A LGPD determina princ\u00edpios como finalidade, necessidade, seguran\u00e7a e preven\u00e7\u00e3o. A empresa deve estabelecer quem poder\u00e1 consultar as informa\u00e7\u00f5es e adotar medidas capazes de proteg\u00ea-las contra acessos n\u00e3o autorizados.<\/p>\n\n\n\n<p class=\"wp-block-paragraph\">Dados biom\u00e9tricos vinculados a uma pessoa natural s\u00e3o classificados como dados pessoais sens\u00edveis, o que torna ainda mais importante avaliar cuidadosamente sua utiliza\u00e7\u00e3o e prote\u00e7\u00e3o.<\/p>\n\n\n\n<h2 class=\"wp-block-heading\">Por que o suporte t\u00e9cnico faz diferen\u00e7a?<\/h2>\n\n\n\n<p class=\"wp-block-paragraph\">Uma infraestrutura de seguran\u00e7a precisa permanecer dispon\u00edvel durante toda a opera\u00e7\u00e3o. Quando um leitor deixa de funcionar ou uma controladora apresenta falha, a empresa pode enfrentar desde dificuldades de circula\u00e7\u00e3o at\u00e9 vulnerabilidades de seguran\u00e7a.<\/p>\n\n\n\n<p class=\"wp-block-paragraph\">Ter suporte especializado facilita a identifica\u00e7\u00e3o do problema e reduz o per\u00edodo de indisponibilidade. A manuten\u00e7\u00e3o peri\u00f3dica tamb\u00e9m ajuda a detectar componentes desgastados e falhas antes que provoquem interrup\u00e7\u00f5es maiores.<\/p>\n\n\n\n<p class=\"wp-block-paragraph\">Para organiza\u00e7\u00f5es com grande circula\u00e7\u00e3o de pessoas, essa disponibilidade \u00e9 especialmente importante.<\/p>\n\n\n\n<h2 class=\"wp-block-heading\">Estater: solu\u00e7\u00f5es profissionais para seguran\u00e7a e gest\u00e3o de acessos<\/h2>\n\n\n\n<p class=\"wp-block-paragraph\">A Estater oferece sistemas e equipamentos de controle de acesso para empresas, condom\u00ednios e organiza\u00e7\u00f5es que precisam administrar a circula\u00e7\u00e3o de pessoas com maior efici\u00eancia. Cada projeto pode ser desenvolvido considerando as caracter\u00edsticas f\u00edsicas do ambiente, o volume de usu\u00e1rios e as necessidades espec\u00edficas da opera\u00e7\u00e3o.<\/p>\n\n\n\n<p class=\"wp-block-paragraph\">Al\u00e9m do fornecimento e da implanta\u00e7\u00e3o das solu\u00e7\u00f5es, a Estater realiza manuten\u00e7\u00e3o e suporte t\u00e9cnico, permitindo que os equipamentos continuem funcionando de maneira confi\u00e1vel ao longo do tempo.<\/p>\n\n\n\n<p class=\"wp-block-paragraph\">Contar com uma empresa especializada tamb\u00e9m facilita a escolha das tecnologias mais adequadas, evitando que o projeto seja formado por equipamentos isolados que n\u00e3o atendem corretamente \u00e0s necessidades da organiza\u00e7\u00e3o.<\/p>\n\n\n\n<h2 class=\"wp-block-heading\">Um bom sistema precisa estar preparado para situa\u00e7\u00f5es fora da rotina<\/h2>\n\n\n\n<p class=\"wp-block-paragraph\">O controle de acesso em caso de emerg\u00eancia mostra por que a seguran\u00e7a corporativa n\u00e3o deve ser planejada apenas pensando no funcionamento normal da empresa. Uma infraestrutura eficiente precisa considerar diferentes cen\u00e1rios e conciliar prote\u00e7\u00e3o patrimonial, circula\u00e7\u00e3o de pessoas e requisitos de seguran\u00e7a aplic\u00e1veis ao im\u00f3vel.<\/p>\n\n\n\n<p class=\"wp-block-paragraph\">Isso exige planejamento, equipamentos adequados, manuten\u00e7\u00e3o e integra\u00e7\u00e3o com os demais procedimentos adotados pela organiza\u00e7\u00e3o. A tecnologia pode oferecer um alto n\u00edvel de prote\u00e7\u00e3o, desde que seja implantada considerando todo o funcionamento do ambiente.<\/p>\n\n\n\n<p class=\"wp-block-paragraph\">Com solu\u00e7\u00f5es profissionais e o suporte da Estater, empresas podem construir uma infraestrutura de controle mais confi\u00e1vel e preparada tanto para a rotina quanto para situa\u00e7\u00f5es que exigem uma resposta r\u00e1pida e organizada.<\/p>\n\n\n\n<p class=\"wp-block-paragraph\">Leia tamb\u00e9m: <a href=\"https:\/\/estatertecnologia.com.br\/estater2\/registro-de-ponto-em-trabalho-externo\/\">Registro de ponto em trabalho externo: como controlar a jornada de funcion\u00e1rios fora da empresa<\/a><\/p>\n\n\n\n<p class=\"wp-block-paragraph\">Siga nosso Instagram: <a href=\"https:\/\/www.instagram.com\/estatertecnologia\/?utm_medium=copy_link\" target=\"_blank\" rel=\"noreferrer noopener\"><strong>@estatertecnologia<\/strong><\/a><\/p>\n\t\t\t\t\t\t\t\t<\/div>\n\t\t\t\t<\/div>\n\t\t\t\t\t<\/div>\n\t\t<\/div>\n\t\t\t\t\t<\/div>\n\t\t<\/section>\n\t\t\t\t<section class=\"elementor-section elementor-top-section elementor-element elementor-element-7b4136a4 elementor-section-boxed elementor-section-height-default elementor-section-height-default\" data-id=\"7b4136a4\" data-element_type=\"section\" data-e-type=\"section\">\n\t\t\t\t\t\t<div class=\"elementor-container elementor-column-gap-default\">\n\t\t\t\t\t<div class=\"elementor-column elementor-col-25 elementor-top-column elementor-element elementor-element-769ec510\" data-id=\"769ec510\" data-element_type=\"column\" data-e-type=\"column\">\n\t\t\t<div class=\"elementor-widget-wrap\">\n\t\t\t\t\t\t\t<\/div>\n\t\t<\/div>\n\t\t\t\t<div class=\"elementor-column elementor-col-50 elementor-top-column elementor-element elementor-element-21d010b7\" data-id=\"21d010b7\" data-element_type=\"column\" data-e-type=\"column\">\n\t\t\t<div class=\"elementor-widget-wrap elementor-element-populated\">\n\t\t\t\t\t\t<div class=\"elementor-element elementor-element-3dc16e0a elementor-widget elementor-widget-text-editor\" data-id=\"3dc16e0a\" data-element_type=\"widget\" data-e-type=\"widget\" data-widget_type=\"text-editor.default\">\n\t\t\t\t<div class=\"elementor-widget-container\">\n\t\t\t\t\t\t\t\t\t<p style=\"text-align: center;\">Entre em Contato Conosco!<\/p>\t\t\t\t\t\t\t\t<\/div>\n\t\t\t\t<\/div>\n\t\t\t\t<div class=\"elementor-element elementor-element-13d6f180 elementor-button-align-stretch elementor-widget elementor-widget-global elementor-global-5243 elementor-widget-form\" data-id=\"13d6f180\" data-element_type=\"widget\" data-e-type=\"widget\" data-settings=\"{&quot;step_next_label&quot;:&quot;Next&quot;,&quot;step_previous_label&quot;:&quot;Previous&quot;,&quot;button_width&quot;:&quot;100&quot;,&quot;step_type&quot;:&quot;number_text&quot;,&quot;step_icon_shape&quot;:&quot;circle&quot;}\" data-widget_type=\"form.default\">\n\t\t\t\t<div class=\"elementor-widget-container\">\n\t\t\t\t\t\t\t<form class=\"elementor-form\" method=\"post\" name=\"formEstater\" aria-label=\"formEstater\">\n\t\t\t<input type=\"hidden\" name=\"post_id\" value=\"10733\"\/>\n\t\t\t<input type=\"hidden\" name=\"form_id\" value=\"13d6f180\"\/>\n\t\t\t<input type=\"hidden\" name=\"referer_title\" value=\"\" \/>\n\n\t\t\t\n\t\t\t<div class=\"elementor-form-fields-wrapper elementor-labels-\">\n\t\t\t\t\t\t\t\t<div class=\"elementor-field-type-text elementor-field-group elementor-column elementor-field-group-name elementor-col-100 elementor-field-required\">\n\t\t\t\t\t\t\t\t\t\t\t\t<label for=\"form-field-name\" class=\"elementor-field-label elementor-screen-only\">\n\t\t\t\t\t\t\t\tNome\t\t\t\t\t\t\t<\/label>\n\t\t\t\t\t\t\t\t\t\t\t\t\t\t<input size=\"1\" type=\"text\" name=\"form_fields[name]\" id=\"form-field-name\" class=\"elementor-field elementor-size-md  elementor-field-textual\" placeholder=\"Nome\" required=\"required\">\n\t\t\t\t\t\t\t\t\t\t\t<\/div>\n\t\t\t\t\t\t\t\t<div class=\"elementor-field-type-email elementor-field-group elementor-column elementor-field-group-email elementor-col-100 elementor-field-required\">\n\t\t\t\t\t\t\t\t\t\t\t\t<label for=\"form-field-email\" class=\"elementor-field-label elementor-screen-only\">\n\t\t\t\t\t\t\t\tEmail\t\t\t\t\t\t\t<\/label>\n\t\t\t\t\t\t\t\t\t\t\t\t\t\t<input size=\"1\" type=\"email\" name=\"form_fields[email]\" id=\"form-field-email\" class=\"elementor-field elementor-size-md  elementor-field-textual\" placeholder=\"Email\" required=\"required\">\n\t\t\t\t\t\t\t\t\t\t\t<\/div>\n\t\t\t\t\t\t\t\t<div class=\"elementor-field-type-tel elementor-field-group elementor-column elementor-field-group-field_8664d40 elementor-col-100 elementor-field-required\">\n\t\t\t\t\t\t\t\t\t\t\t\t<label for=\"form-field-field_8664d40\" class=\"elementor-field-label elementor-screen-only\">\n\t\t\t\t\t\t\t\tTelefone\t\t\t\t\t\t\t<\/label>\n\t\t\t\t\t\t\t\t<input size=\"1\" type=\"tel\" name=\"form_fields[field_8664d40]\" id=\"form-field-field_8664d40\" class=\"elementor-field elementor-size-md  elementor-field-textual\" placeholder=\"Telefone\" required=\"required\" pattern=\"[0-9()#&amp;+*-=.]+\" title=\"Apenas n\u00fameros e caracteres de telefone (#, -, *, etc.) s\u00e3o aceitos.\">\n\n\t\t\t\t\t\t<\/div>\n\t\t\t\t\t\t\t\t<div class=\"elementor-field-type-textarea elementor-field-group elementor-column elementor-field-group-message elementor-col-100\">\n\t\t\t\t\t\t\t\t\t\t\t\t<label for=\"form-field-message\" class=\"elementor-field-label elementor-screen-only\">\n\t\t\t\t\t\t\t\tMensagem\t\t\t\t\t\t\t<\/label>\n\t\t\t\t\t\t<textarea class=\"elementor-field-textual elementor-field  elementor-size-md\" name=\"form_fields[message]\" id=\"form-field-message\" rows=\"4\" placeholder=\"Mensagem\"><\/textarea>\t\t\t\t<\/div>\n\t\t\t\t\t\t\t\t<div class=\"elementor-field-type-recaptcha_v3 elementor-field-group elementor-column elementor-field-group-field_233d6ce elementor-col-100 recaptcha_v3-bottomright\">\n\t\t\t\t\t<div class=\"elementor-field\" id=\"form-field-field_233d6ce\"><div class=\"elementor-g-recaptcha\" data-sitekey=\"6LdNKOUkAAAAAJhVoajV1ITUIM52U9t-TDZxa1Pf\" data-type=\"v3\" data-action=\"Form\" data-badge=\"bottomright\" data-size=\"invisible\"><\/div><\/div>\t\t\t\t<\/div>\n\t\t\t\t\t\t\t\t<div class=\"elementor-field-group elementor-column elementor-field-type-submit elementor-col-100 e-form__buttons\">\n\t\t\t\t\t<button class=\"elementor-button elementor-size-md\" type=\"submit\">\n\t\t\t\t\t\t<span class=\"elementor-button-content-wrapper\">\n\t\t\t\t\t\t\t\t\t\t\t\t\t\t\t\t\t\t\t\t\t\t<span class=\"elementor-button-text\">Enviar<\/span>\n\t\t\t\t\t\t\t\t\t\t\t\t\t<\/span>\n\t\t\t\t\t<\/button>\n\t\t\t\t<\/div>\n\t\t\t<\/div>\n\t\t<\/form>\n\t\t\t\t\t\t<\/div>\n\t\t\t\t<\/div>\n\t\t\t\t\t<\/div>\n\t\t<\/div>\n\t\t\t\t<div class=\"elementor-column elementor-col-25 elementor-top-column elementor-element elementor-element-5d69fd87\" data-id=\"5d69fd87\" data-element_type=\"column\" data-e-type=\"column\">\n\t\t\t<div class=\"elementor-widget-wrap\">\n\t\t\t\t\t\t\t<\/div>\n\t\t<\/div>\n\t\t\t\t\t<\/div>\n\t\t<\/section>\n\t\t\t\t<\/div>\n\t\t","protected":false},"excerpt":{"rendered":"<p>Investir em tecnologias capazes de impedir a entrada de pessoas n\u00e3o autorizadas \u00e9 uma medida importante para a seguran\u00e7a empresarial. Entretanto, existe outro aspecto que precisa ser considerado desde o planejamento do projeto: o que acontece com as portas, catracas e demais barreiras quando ocorre uma emerg\u00eancia? Um bom controle de acesso em caso de [&hellip;]<\/p>\n","protected":false},"author":6,"featured_media":10734,"comment_status":"closed","ping_status":"closed","sticky":false,"template":"","format":"standard","meta":{"footnotes":""},"categories":[42],"tags":[44,43],"class_list":["post-10733","post","type-post","status-publish","format-standard","has-post-thumbnail","hentry","category-controle-de-acesso","tag-controlador-de-acesso","tag-controle-de-acesso"],"_links":{"self":[{"href":"https:\/\/estatertecnologia.com.br\/estater2\/wp-json\/wp\/v2\/posts\/10733","targetHints":{"allow":["GET"]}}],"collection":[{"href":"https:\/\/estatertecnologia.com.br\/estater2\/wp-json\/wp\/v2\/posts"}],"about":[{"href":"https:\/\/estatertecnologia.com.br\/estater2\/wp-json\/wp\/v2\/types\/post"}],"author":[{"embeddable":true,"href":"https:\/\/estatertecnologia.com.br\/estater2\/wp-json\/wp\/v2\/users\/6"}],"replies":[{"embeddable":true,"href":"https:\/\/estatertecnologia.com.br\/estater2\/wp-json\/wp\/v2\/comments?post=10733"}],"version-history":[{"count":4,"href":"https:\/\/estatertecnologia.com.br\/estater2\/wp-json\/wp\/v2\/posts\/10733\/revisions"}],"predecessor-version":[{"id":10738,"href":"https:\/\/estatertecnologia.com.br\/estater2\/wp-json\/wp\/v2\/posts\/10733\/revisions\/10738"}],"wp:featuredmedia":[{"embeddable":true,"href":"https:\/\/estatertecnologia.com.br\/estater2\/wp-json\/wp\/v2\/media\/10734"}],"wp:attachment":[{"href":"https:\/\/estatertecnologia.com.br\/estater2\/wp-json\/wp\/v2\/media?parent=10733"}],"wp:term":[{"taxonomy":"category","embeddable":true,"href":"https:\/\/estatertecnologia.com.br\/estater2\/wp-json\/wp\/v2\/categories?post=10733"},{"taxonomy":"post_tag","embeddable":true,"href":"https:\/\/estatertecnologia.com.br\/estater2\/wp-json\/wp\/v2\/tags?post=10733"}],"curies":[{"name":"wp","href":"https:\/\/api.w.org\/{rel}","templated":true}]}}