{"id":10727,"date":"2026-08-13T17:52:27","date_gmt":"2026-08-13T20:52:27","guid":{"rendered":"https:\/\/estatertecnologia.com.br\/estater2\/?p=10727"},"modified":"2026-08-13T17:53:19","modified_gmt":"2026-08-13T20:53:19","slug":"registro-de-ponto-em-trabalho-externo","status":"publish","type":"post","link":"https:\/\/estatertecnologia.com.br\/estater2\/registro-de-ponto-em-trabalho-externo\/","title":{"rendered":"Registro de ponto em trabalho externo: como controlar a jornada de funcion\u00e1rios fora da empresa"},"content":{"rendered":"\t\t<div data-elementor-type=\"wp-post\" data-elementor-id=\"10727\" class=\"elementor elementor-10727\" data-elementor-post-type=\"post\">\n\t\t\t\t\t\t<section class=\"elementor-section elementor-top-section elementor-element elementor-element-3b65d480 elementor-section-boxed elementor-section-height-default elementor-section-height-default\" data-id=\"3b65d480\" data-element_type=\"section\" data-e-type=\"section\">\n\t\t\t\t\t\t<div class=\"elementor-container elementor-column-gap-default\">\n\t\t\t\t\t<div class=\"elementor-column elementor-col-100 elementor-top-column elementor-element elementor-element-6c77e22e\" data-id=\"6c77e22e\" data-element_type=\"column\" data-e-type=\"column\">\n\t\t\t<div class=\"elementor-widget-wrap elementor-element-populated\">\n\t\t\t\t\t\t<div class=\"elementor-element elementor-element-a277e1c elementor-widget elementor-widget-global elementor-global-8734 elementor-widget-image\" data-id=\"a277e1c\" data-element_type=\"widget\" data-e-type=\"widget\" data-widget_type=\"image.default\">\n\t\t\t\t<div class=\"elementor-widget-container\">\n\t\t\t\t\t\t\t\t\t\t\t\t\t\t\t\t<a href=\"https:\/\/estatertecnologia.com.br\/estater2\/relogio-de-ponto-idclass\/\">\n\t\t\t\t\t\t\t<img fetchpriority=\"high\" decoding=\"async\" width=\"850\" height=\"127\" src=\"https:\/\/estatertecnologia.com.br\/estater2\/wp-content\/uploads\/2023\/09\/BANNER-SITE.jpeg\" class=\"attachment-full size-full wp-image-7539\" alt=\"controle de ponto\" srcset=\"https:\/\/estatertecnologia.com.br\/estater2\/wp-content\/uploads\/2023\/09\/BANNER-SITE.jpeg 850w, https:\/\/estatertecnologia.com.br\/estater2\/wp-content\/uploads\/2023\/09\/BANNER-SITE-300x45.jpeg 300w, https:\/\/estatertecnologia.com.br\/estater2\/wp-content\/uploads\/2023\/09\/BANNER-SITE-768x115.jpeg 768w\" sizes=\"(max-width: 850px) 100vw, 850px\" \/>\t\t\t\t\t\t\t\t<\/a>\n\t\t\t\t\t\t\t\t\t\t\t\t\t\t\t<\/div>\n\t\t\t\t<\/div>\n\t\t\t\t<div class=\"elementor-element elementor-element-13361ed0 elementor-widget elementor-widget-text-editor\" data-id=\"13361ed0\" data-element_type=\"widget\" data-e-type=\"widget\" data-widget_type=\"text-editor.default\">\n\t\t\t\t<div class=\"elementor-widget-container\">\n\t\t\t\t\t\t\t\t\t\n<p class=\"wp-block-paragraph\">O modelo tradicional de controle de jornada foi constru\u00eddo durante d\u00e9cadas em torno de uma situa\u00e7\u00e3o bastante simples: o funcion\u00e1rio chegava \u00e0 empresa, registrava sua entrada em um equipamento instalado no estabelecimento e repetia o procedimento nos demais momentos da jornada. Para muitas organiza\u00e7\u00f5es, entretanto, essa realidade j\u00e1 n\u00e3o corresponde \u00e0 rotina das equipes. \u00c9 nesse contexto que o registro de ponto em trabalho externo exige aten\u00e7\u00e3o especial dos empregadores.<\/p>\n\n\n\n<p class=\"wp-block-paragraph\">Vendedores, t\u00e9cnicos de manuten\u00e7\u00e3o, instaladores, consultores e profissionais que realizam visitas a clientes s\u00e3o alguns exemplos de trabalhadores que podem passar grande parte do expediente longe da sede. O simples fato de o servi\u00e7o ser realizado externamente, por\u00e9m, n\u00e3o significa automaticamente que a jornada esteja dispensada de controle.<\/p>\n\n\n\n<p class=\"wp-block-paragraph\">Para as empresas, entender essa diferen\u00e7a \u00e9 essencial. Al\u00e9m de conhecer a legisla\u00e7\u00e3o trabalhista, \u00e9 importante contar com tecnologias que permitam registrar os hor\u00e1rios de maneira confi\u00e1vel e compat\u00edvel com a realidade operacional.<\/p>\n\n\n\n<h2 class=\"wp-block-heading\">Trabalho externo significa aus\u00eancia de controle de jornada?<\/h2>\n\n\n\n<p class=\"wp-block-paragraph\">N\u00e3o necessariamente. Esse \u00e9 um dos pontos que mais podem gerar d\u00favidas entre empregadores.<\/p>\n\n\n\n<p class=\"wp-block-paragraph\">O artigo 62 da Consolida\u00e7\u00e3o das Leis do Trabalho prev\u00ea hip\u00f3teses espec\u00edficas que n\u00e3o s\u00e3o abrangidas pelo regime geral de dura\u00e7\u00e3o do trabalho. Entre elas est\u00e3o os empregados que exercem atividade externa incompat\u00edvel com a fixa\u00e7\u00e3o de hor\u00e1rio, observados os requisitos legais.<\/p>\n\n\n\n<p class=\"wp-block-paragraph\">A palavra fundamental nesse contexto \u00e9 &#8220;incompat\u00edvel&#8221;. O simples fato de um profissional realizar atividades fora do estabelecimento n\u00e3o significa, por si s\u00f3, que seja imposs\u00edvel acompanhar sua jornada.<\/p>\n\n\n\n<p class=\"wp-block-paragraph\">Por isso, cada situa\u00e7\u00e3o precisa ser analisada considerando as caracter\u00edsticas concretas da atividade desempenhada.<\/p>\n\n\n\n<h2 class=\"wp-block-heading\">Quando a empresa consegue controlar os hor\u00e1rios?<\/h2>\n\n\n\n<p class=\"wp-block-paragraph\">A tecnologia mudou profundamente a forma como as atividades externas s\u00e3o administradas. Atualmente, diversas opera\u00e7\u00f5es conseguem acompanhar o in\u00edcio e o encerramento das atividades mesmo quando os funcion\u00e1rios est\u00e3o longe da sede.<\/p>\n\n\n\n<p class=\"wp-block-paragraph\">Sistemas eletr\u00f4nicos podem permitir marca\u00e7\u00f5es por dispositivos compat\u00edveis com a solu\u00e7\u00e3o adotada pela organiza\u00e7\u00e3o, enquanto plataformas de gest\u00e3o centralizam as informa\u00e7\u00f5es para acompanhamento pelo RH.<\/p>\n\n\n\n<p class=\"wp-block-paragraph\">Dessa maneira, uma equipe que come\u00e7a o dia diretamente no endere\u00e7o de um cliente n\u00e3o precisa necessariamente se deslocar at\u00e9 a empresa apenas para realizar uma marca\u00e7\u00e3o em equipamento f\u00edsico.<\/p>\n\n\n\n<h2 class=\"wp-block-heading\">O que diz a CLT sobre o registro de jornada?<\/h2>\n\n\n\n<p class=\"wp-block-paragraph\">O artigo 74 da CLT estabelece que, para estabelecimentos com mais de 20 trabalhadores, \u00e9 obrigat\u00f3ria a anota\u00e7\u00e3o da hora de entrada e sa\u00edda, admitindo registro manual, mec\u00e2nico ou eletr\u00f4nico, conforme as regras aplic\u00e1veis.<\/p>\n\n\n\n<p class=\"wp-block-paragraph\">Al\u00e9m da CLT, empresas que adotam sistemas eletr\u00f4nicos precisam observar a regulamenta\u00e7\u00e3o do Minist\u00e9rio do Trabalho e Emprego, especialmente as disposi\u00e7\u00f5es da Portaria MTP n\u00ba 671\/2021 e suas altera\u00e7\u00f5es posteriores.<\/p>\n\n\n\n<p class=\"wp-block-paragraph\">A legisla\u00e7\u00e3o e a regulamenta\u00e7\u00e3o precisam ser analisadas em conjunto com as caracter\u00edsticas da opera\u00e7\u00e3o. Por isso, escolher uma solu\u00e7\u00e3o adequada \u00e9 particularmente importante quando parte da equipe trabalha externamente.<\/p>\n\n\n\n<h2 class=\"wp-block-heading\">Como funciona o registro eletr\u00f4nico fora da sede?<\/h2>\n\n\n\n<p class=\"wp-block-paragraph\">Os sistemas atuais permitem que a gest\u00e3o da jornada seja muito menos dependente de um \u00fanico equipamento instalado na entrada da empresa. A Portaria 671 disciplina diferentes modalidades de Registrador Eletr\u00f4nico de Ponto, incluindo o REP-P, que funciona por meio de programa executado em servidor dedicado ou ambiente de nuvem e deve atender aos requisitos t\u00e9cnicos estabelecidos pela regulamenta\u00e7\u00e3o.<\/p>\n\n\n\n<p class=\"wp-block-paragraph\">Na pr\u00e1tica, solu\u00e7\u00f5es compat\u00edveis com a legisla\u00e7\u00e3o podem tornar o registro mais adequado \u00e0s opera\u00e7\u00f5es descentralizadas. Isso \u00e9 especialmente relevante para empresas que possuem funcion\u00e1rios distribu\u00eddos entre diferentes unidades, clientes ou locais de atendimento.<\/p>\n\n\n\n<p class=\"wp-block-paragraph\">A tecnologia escolhida, entretanto, precisa respeitar os requisitos aplic\u00e1veis. N\u00e3o basta utilizar qualquer aplicativo e presumir que ele possui as caracter\u00edsticas exigidas para um sistema eletr\u00f4nico de ponto.<\/p>\n\n\n\n<h2 class=\"wp-block-heading\">Quais empresas podem se beneficiar desse modelo?<\/h2>\n\n\n\n<p class=\"wp-block-paragraph\">O registro de ponto em trabalho externo \u00e9 particularmente relevante para neg\u00f3cios que possuem equipes em constante deslocamento. Empresas de manuten\u00e7\u00e3o, assist\u00eancia t\u00e9cnica, constru\u00e7\u00e3o, servi\u00e7os comerciais, facilities e opera\u00e7\u00f5es de campo s\u00e3o alguns exemplos.<\/p>\n\n\n\n<p class=\"wp-block-paragraph\">Imagine uma empresa que possui dezenas de t\u00e9cnicos realizando atendimentos em diferentes regi\u00f5es. Obrigar todos a iniciar e encerrar o expediente fisicamente na sede pode aumentar deslocamentos e criar uma rotina pouco eficiente.<\/p>\n\n\n\n<p class=\"wp-block-paragraph\">Com uma estrutura tecnol\u00f3gica adequada, a gest\u00e3o pode ser compat\u00edvel com a din\u00e2mica real da opera\u00e7\u00e3o sem abandonar a organiza\u00e7\u00e3o dos registros.<\/p>\n\n\n\n<h2 class=\"wp-block-heading\">Controle de ponto n\u00e3o deve se transformar em vigil\u00e2ncia excessiva<\/h2>\n\n\n\n<p class=\"wp-block-paragraph\">A possibilidade tecnol\u00f3gica de coletar diferentes informa\u00e7\u00f5es n\u00e3o significa que todas elas devam ser utilizadas indiscriminadamente. O objetivo do sistema deve permanecer relacionado \u00e0 finalidade leg\u00edtima para a qual foi implementado.<\/p>\n\n\n\n<p class=\"wp-block-paragraph\">Esse cuidado \u00e9 especialmente relevante quando a solu\u00e7\u00e3o utiliza informa\u00e7\u00f5es adicionais para viabilizar ou validar determinadas opera\u00e7\u00f5es. A empresa precisa avaliar quais dados s\u00e3o realmente necess\u00e1rios e como ser\u00e3o tratados.<\/p>\n\n\n\n<p class=\"wp-block-paragraph\">O equil\u00edbrio entre controle da jornada, privacidade e seguran\u00e7a das informa\u00e7\u00f5es precisa fazer parte do projeto desde sua implanta\u00e7\u00e3o.<\/p>\n\n\n\n<h2 class=\"wp-block-heading\">LGPD tamb\u00e9m deve ser considerada<\/h2>\n\n\n\n<p class=\"wp-block-paragraph\">Solu\u00e7\u00f5es digitais de gest\u00e3o de jornada podem realizar tratamento de dados pessoais dos funcion\u00e1rios. Por isso, a Lei Geral de Prote\u00e7\u00e3o de Dados deve fazer parte do planejamento da empresa.<\/p>\n\n\n\n<p class=\"wp-block-paragraph\">Entre outros aspectos, a organiza\u00e7\u00e3o deve observar princ\u00edpios como finalidade, adequa\u00e7\u00e3o, necessidade, seguran\u00e7a e preven\u00e7\u00e3o. Isso significa avaliar quais informa\u00e7\u00f5es s\u00e3o necess\u00e1rias para o funcionamento da solu\u00e7\u00e3o e adotar medidas para proteg\u00ea-las contra acessos n\u00e3o autorizados ou situa\u00e7\u00f5es acidentais.<\/p>\n\n\n\n<p class=\"wp-block-paragraph\">Quando tecnologias biom\u00e9tricas s\u00e3o utilizadas, a aten\u00e7\u00e3o precisa ser ainda maior, pois dados biom\u00e9tricos vinculados a uma pessoa natural s\u00e3o classificados pela LGPD como dados pessoais sens\u00edveis.<\/p>\n\n\n\n<h2 class=\"wp-block-heading\">Como acompanhar horas extras de equipes externas?<\/h2>\n\n\n\n<p class=\"wp-block-paragraph\">Uma das vantagens de manter registros organizados \u00e9 melhorar a visualiza\u00e7\u00e3o das jornadas realizadas pelas equipes. Isso permite que o departamento respons\u00e1vel identifique situa\u00e7\u00f5es em que os hor\u00e1rios ultrapassam aqueles normalmente previstos e fa\u00e7a o tratamento adequado conforme a legisla\u00e7\u00e3o e as regras aplic\u00e1veis \u00e0 rela\u00e7\u00e3o de trabalho.<\/p>\n\n\n\n<p class=\"wp-block-paragraph\">Para empregadores, esse acompanhamento tamb\u00e9m oferece informa\u00e7\u00f5es gerenciais importantes. Se determinadas rotas ou atendimentos est\u00e3o fazendo uma equipe ultrapassar frequentemente sua jornada planejada, pode existir um problema de dimensionamento ou organiza\u00e7\u00e3o operacional.<\/p>\n\n\n\n<p class=\"wp-block-paragraph\">O ponto, portanto, deixa de ser apenas um registro burocr\u00e1tico e passa a fornecer dados \u00fateis para a administra\u00e7\u00e3o.<\/p>\n\n\n\n<h2 class=\"wp-block-heading\">A import\u00e2ncia da transpar\u00eancia com os funcion\u00e1rios<\/h2>\n\n\n\n<p class=\"wp-block-paragraph\">A implementa\u00e7\u00e3o de novas tecnologias precisa ser acompanhada de comunica\u00e7\u00e3o interna. Os trabalhadores devem compreender como o registro funciona, quais procedimentos precisam seguir e como eventuais inconsist\u00eancias ser\u00e3o tratadas.<\/p>\n\n\n\n<p class=\"wp-block-paragraph\">Essa orienta\u00e7\u00e3o reduz erros de utiliza\u00e7\u00e3o e evita interpreta\u00e7\u00f5es equivocadas sobre as ferramentas adotadas.<\/p>\n\n\n\n<p class=\"wp-block-paragraph\">Tamb\u00e9m \u00e9 recomend\u00e1vel estabelecer procedimentos para situa\u00e7\u00f5es como indisponibilidade tempor\u00e1ria do sistema, problemas no dispositivo utilizado ou impossibilidade excepcional de realizar determinada marca\u00e7\u00e3o.<\/p>\n\n\n\n<h2 class=\"wp-block-heading\">Centraliza\u00e7\u00e3o facilita o trabalho do RH<\/h2>\n\n\n\n<p class=\"wp-block-paragraph\">Administrar uma equipe externa utilizando planilhas, mensagens e registros dispersos pode transformar o fechamento da jornada em um processo demorado e sujeito a erros. Quanto maior a quantidade de funcion\u00e1rios, maior tende a ser o problema.<\/p>\n\n\n\n<p class=\"wp-block-paragraph\">Um sistema centralizado permite reunir as informa\u00e7\u00f5es em um \u00fanico ambiente, facilitando confer\u00eancias, relat\u00f3rios e tratamento das ocorr\u00eancias.<\/p>\n\n\n\n<p class=\"wp-block-paragraph\">Isso reduz tarefas manuais e permite que o departamento pessoal concentre seus esfor\u00e7os na an\u00e1lise das informa\u00e7\u00f5es, em vez de gastar grande parte do tempo tentando reuni-las.<\/p>\n\n\n\n<h2 class=\"wp-block-heading\">Como a Estater pode ajudar na gest\u00e3o da jornada?<\/h2>\n\n\n\n<p class=\"wp-block-paragraph\">A Estater fornece rel\u00f3gios de ponto e sistemas para empresas que desejam modernizar o registro e a administra\u00e7\u00e3o das jornadas. Para opera\u00e7\u00f5es que combinam funcion\u00e1rios presenciais e equipes externas, contar com uma solu\u00e7\u00e3o adequada \u00e0 realidade do neg\u00f3cio \u00e9 fundamental para evitar controles fragmentados.<\/p>\n\n\n\n<p class=\"wp-block-paragraph\">Al\u00e9m da tecnologia, a implanta\u00e7\u00e3o correta e o suporte fazem diferen\u00e7a no funcionamento di\u00e1rio. A Estater tamb\u00e9m trabalha com manuten\u00e7\u00e3o e assist\u00eancia especializada, ajudando empresas a manter seus equipamentos e sistemas funcionando de maneira confi\u00e1vel.<\/p>\n\n\n\n<p class=\"wp-block-paragraph\">A escolha deve considerar quantidade de funcion\u00e1rios, locais de trabalho, caracter\u00edsticas das equipes e necessidades espec\u00edficas do RH. Dessa forma, \u00e9 poss\u00edvel construir uma estrutura mais eficiente sem simplesmente aplicar o mesmo modelo a todas as empresas.<\/p>\n\n\n\n<h2 class=\"wp-block-heading\">Registro de ponto em trabalho externo exige tecnologia e conhecimento das regras<\/h2>\n\n\n\n<p class=\"wp-block-paragraph\">O crescimento das atividades realizadas fora das instala\u00e7\u00f5es da empresa n\u00e3o elimina a import\u00e2ncia da gest\u00e3o da jornada. Pelo contr\u00e1rio, opera\u00e7\u00f5es descentralizadas tornam ainda mais necess\u00e1rio possuir informa\u00e7\u00f5es organizadas e processos capazes de acompanhar diferentes rotinas de trabalho.<\/p>\n\n\n\n<p class=\"wp-block-paragraph\">O registro de ponto em trabalho externo deve ser estruturado considerando a CLT, a Portaria 671, as caracter\u00edsticas efetivas da atividade e os cuidados relacionados \u00e0 prote\u00e7\u00e3o de dados. Tamb\u00e9m \u00e9 importante diferenciar uma atividade simplesmente realizada fora da sede daquela efetivamente incompat\u00edvel com controle de hor\u00e1rio.<\/p>\n\n\n\n<p class=\"wp-block-paragraph\">Com sistemas adequados e o suporte especializado da Estater, empresas podem modernizar seus processos, reduzir tarefas manuais e administrar equipes externas com muito mais organiza\u00e7\u00e3o, confiabilidade e seguran\u00e7a.<\/p>\n\n\n\n<p class=\"wp-block-paragraph\">Leia tamb\u00e9m: <a href=\"https:\/\/estatertecnologia.com.br\/estater2\/controle-de-acesso-em-horarios-nao-comerciais\/\">Controle de acesso em hor\u00e1rios n\u00e3o comerciais: como proteger a empresa fora do expediente<\/a><\/p>\n\n\n\n<p class=\"wp-block-paragraph\">Siga nosso Instagram: <a href=\"https:\/\/www.instagram.com\/estatertecnologia\/?utm_medium=copy_link\" target=\"_blank\" rel=\"noreferrer noopener\"><strong>@estatertecnologia<\/strong><\/a><\/p>\n\t\t\t\t\t\t\t\t<\/div>\n\t\t\t\t<\/div>\n\t\t\t\t\t<\/div>\n\t\t<\/div>\n\t\t\t\t\t<\/div>\n\t\t<\/section>\n\t\t\t\t<section class=\"elementor-section elementor-top-section elementor-element elementor-element-129e699b elementor-section-boxed elementor-section-height-default elementor-section-height-default\" data-id=\"129e699b\" data-element_type=\"section\" data-e-type=\"section\">\n\t\t\t\t\t\t<div class=\"elementor-container elementor-column-gap-default\">\n\t\t\t\t\t<div class=\"elementor-column elementor-col-25 elementor-top-column elementor-element elementor-element-4d90610\" data-id=\"4d90610\" data-element_type=\"column\" data-e-type=\"column\">\n\t\t\t<div class=\"elementor-widget-wrap\">\n\t\t\t\t\t\t\t<\/div>\n\t\t<\/div>\n\t\t\t\t<div class=\"elementor-column elementor-col-50 elementor-top-column elementor-element elementor-element-46782bcb\" data-id=\"46782bcb\" data-element_type=\"column\" data-e-type=\"column\">\n\t\t\t<div class=\"elementor-widget-wrap elementor-element-populated\">\n\t\t\t\t\t\t<div class=\"elementor-element elementor-element-739c20b7 elementor-widget elementor-widget-text-editor\" data-id=\"739c20b7\" data-element_type=\"widget\" data-e-type=\"widget\" data-widget_type=\"text-editor.default\">\n\t\t\t\t<div class=\"elementor-widget-container\">\n\t\t\t\t\t\t\t\t\t<p style=\"text-align: center;\">Entre em Contato Conosco!<\/p>\t\t\t\t\t\t\t\t<\/div>\n\t\t\t\t<\/div>\n\t\t\t\t<div class=\"elementor-element elementor-element-185db426 elementor-button-align-stretch elementor-widget elementor-widget-global elementor-global-5243 elementor-widget-form\" data-id=\"185db426\" data-element_type=\"widget\" data-e-type=\"widget\" data-settings=\"{&quot;step_next_label&quot;:&quot;Next&quot;,&quot;step_previous_label&quot;:&quot;Previous&quot;,&quot;button_width&quot;:&quot;100&quot;,&quot;step_type&quot;:&quot;number_text&quot;,&quot;step_icon_shape&quot;:&quot;circle&quot;}\" data-widget_type=\"form.default\">\n\t\t\t\t<div class=\"elementor-widget-container\">\n\t\t\t\t\t\t\t<form class=\"elementor-form\" method=\"post\" name=\"formEstater\" aria-label=\"formEstater\">\n\t\t\t<input type=\"hidden\" name=\"post_id\" value=\"10727\"\/>\n\t\t\t<input type=\"hidden\" name=\"form_id\" value=\"185db426\"\/>\n\t\t\t<input type=\"hidden\" name=\"referer_title\" value=\"\" \/>\n\n\t\t\t\n\t\t\t<div class=\"elementor-form-fields-wrapper elementor-labels-\">\n\t\t\t\t\t\t\t\t<div class=\"elementor-field-type-text elementor-field-group elementor-column elementor-field-group-name elementor-col-100 elementor-field-required\">\n\t\t\t\t\t\t\t\t\t\t\t\t<label for=\"form-field-name\" class=\"elementor-field-label elementor-screen-only\">\n\t\t\t\t\t\t\t\tNome\t\t\t\t\t\t\t<\/label>\n\t\t\t\t\t\t\t\t\t\t\t\t\t\t<input size=\"1\" type=\"text\" name=\"form_fields[name]\" id=\"form-field-name\" class=\"elementor-field elementor-size-md  elementor-field-textual\" placeholder=\"Nome\" required=\"required\">\n\t\t\t\t\t\t\t\t\t\t\t<\/div>\n\t\t\t\t\t\t\t\t<div class=\"elementor-field-type-email elementor-field-group elementor-column elementor-field-group-email elementor-col-100 elementor-field-required\">\n\t\t\t\t\t\t\t\t\t\t\t\t<label for=\"form-field-email\" class=\"elementor-field-label elementor-screen-only\">\n\t\t\t\t\t\t\t\tEmail\t\t\t\t\t\t\t<\/label>\n\t\t\t\t\t\t\t\t\t\t\t\t\t\t<input size=\"1\" type=\"email\" name=\"form_fields[email]\" id=\"form-field-email\" class=\"elementor-field elementor-size-md  elementor-field-textual\" placeholder=\"Email\" required=\"required\">\n\t\t\t\t\t\t\t\t\t\t\t<\/div>\n\t\t\t\t\t\t\t\t<div class=\"elementor-field-type-tel elementor-field-group elementor-column elementor-field-group-field_8664d40 elementor-col-100 elementor-field-required\">\n\t\t\t\t\t\t\t\t\t\t\t\t<label for=\"form-field-field_8664d40\" class=\"elementor-field-label elementor-screen-only\">\n\t\t\t\t\t\t\t\tTelefone\t\t\t\t\t\t\t<\/label>\n\t\t\t\t\t\t\t\t<input size=\"1\" type=\"tel\" name=\"form_fields[field_8664d40]\" id=\"form-field-field_8664d40\" class=\"elementor-field elementor-size-md  elementor-field-textual\" placeholder=\"Telefone\" required=\"required\" pattern=\"[0-9()#&amp;+*-=.]+\" title=\"Apenas n\u00fameros e caracteres de telefone (#, -, *, etc.) s\u00e3o aceitos.\">\n\n\t\t\t\t\t\t<\/div>\n\t\t\t\t\t\t\t\t<div class=\"elementor-field-type-textarea elementor-field-group elementor-column elementor-field-group-message elementor-col-100\">\n\t\t\t\t\t\t\t\t\t\t\t\t<label for=\"form-field-message\" class=\"elementor-field-label elementor-screen-only\">\n\t\t\t\t\t\t\t\tMensagem\t\t\t\t\t\t\t<\/label>\n\t\t\t\t\t\t<textarea class=\"elementor-field-textual elementor-field  elementor-size-md\" name=\"form_fields[message]\" id=\"form-field-message\" rows=\"4\" placeholder=\"Mensagem\"><\/textarea>\t\t\t\t<\/div>\n\t\t\t\t\t\t\t\t<div class=\"elementor-field-type-recaptcha_v3 elementor-field-group elementor-column elementor-field-group-field_233d6ce elementor-col-100 recaptcha_v3-bottomright\">\n\t\t\t\t\t<div class=\"elementor-field\" id=\"form-field-field_233d6ce\"><div class=\"elementor-g-recaptcha\" data-sitekey=\"6LdNKOUkAAAAAJhVoajV1ITUIM52U9t-TDZxa1Pf\" data-type=\"v3\" data-action=\"Form\" data-badge=\"bottomright\" data-size=\"invisible\"><\/div><\/div>\t\t\t\t<\/div>\n\t\t\t\t\t\t\t\t<div class=\"elementor-field-group elementor-column elementor-field-type-submit elementor-col-100 e-form__buttons\">\n\t\t\t\t\t<button class=\"elementor-button elementor-size-md\" type=\"submit\">\n\t\t\t\t\t\t<span class=\"elementor-button-content-wrapper\">\n\t\t\t\t\t\t\t\t\t\t\t\t\t\t\t\t\t\t\t\t\t\t<span class=\"elementor-button-text\">Enviar<\/span>\n\t\t\t\t\t\t\t\t\t\t\t\t\t<\/span>\n\t\t\t\t\t<\/button>\n\t\t\t\t<\/div>\n\t\t\t<\/div>\n\t\t<\/form>\n\t\t\t\t\t\t<\/div>\n\t\t\t\t<\/div>\n\t\t\t\t\t<\/div>\n\t\t<\/div>\n\t\t\t\t<div class=\"elementor-column elementor-col-25 elementor-top-column elementor-element elementor-element-6fb23e57\" data-id=\"6fb23e57\" data-element_type=\"column\" data-e-type=\"column\">\n\t\t\t<div class=\"elementor-widget-wrap\">\n\t\t\t\t\t\t\t<\/div>\n\t\t<\/div>\n\t\t\t\t\t<\/div>\n\t\t<\/section>\n\t\t\t\t<\/div>\n\t\t","protected":false},"excerpt":{"rendered":"<p>O modelo tradicional de controle de jornada foi constru\u00eddo durante d\u00e9cadas em torno de uma situa\u00e7\u00e3o bastante simples: o funcion\u00e1rio chegava \u00e0 empresa, registrava sua entrada em um equipamento instalado no estabelecimento e repetia o procedimento nos demais momentos da jornada. Para muitas organiza\u00e7\u00f5es, entretanto, essa realidade j\u00e1 n\u00e3o corresponde \u00e0 rotina das equipes. \u00c9 [&hellip;]<\/p>\n","protected":false},"author":6,"featured_media":10728,"comment_status":"closed","ping_status":"closed","sticky":false,"template":"","format":"standard","meta":{"footnotes":""},"categories":[25],"tags":[86,45],"class_list":["post-10727","post","type-post","status-publish","format-standard","has-post-thumbnail","hentry","category-relogio-de-ponto","tag-controle-de-ponto","tag-relogio-de-ponto"],"_links":{"self":[{"href":"https:\/\/estatertecnologia.com.br\/estater2\/wp-json\/wp\/v2\/posts\/10727","targetHints":{"allow":["GET"]}}],"collection":[{"href":"https:\/\/estatertecnologia.com.br\/estater2\/wp-json\/wp\/v2\/posts"}],"about":[{"href":"https:\/\/estatertecnologia.com.br\/estater2\/wp-json\/wp\/v2\/types\/post"}],"author":[{"embeddable":true,"href":"https:\/\/estatertecnologia.com.br\/estater2\/wp-json\/wp\/v2\/users\/6"}],"replies":[{"embeddable":true,"href":"https:\/\/estatertecnologia.com.br\/estater2\/wp-json\/wp\/v2\/comments?post=10727"}],"version-history":[{"count":4,"href":"https:\/\/estatertecnologia.com.br\/estater2\/wp-json\/wp\/v2\/posts\/10727\/revisions"}],"predecessor-version":[{"id":10732,"href":"https:\/\/estatertecnologia.com.br\/estater2\/wp-json\/wp\/v2\/posts\/10727\/revisions\/10732"}],"wp:featuredmedia":[{"embeddable":true,"href":"https:\/\/estatertecnologia.com.br\/estater2\/wp-json\/wp\/v2\/media\/10728"}],"wp:attachment":[{"href":"https:\/\/estatertecnologia.com.br\/estater2\/wp-json\/wp\/v2\/media?parent=10727"}],"wp:term":[{"taxonomy":"category","embeddable":true,"href":"https:\/\/estatertecnologia.com.br\/estater2\/wp-json\/wp\/v2\/categories?post=10727"},{"taxonomy":"post_tag","embeddable":true,"href":"https:\/\/estatertecnologia.com.br\/estater2\/wp-json\/wp\/v2\/tags?post=10727"}],"curies":[{"name":"wp","href":"https:\/\/api.w.org\/{rel}","templated":true}]}}